{"id":10392,"date":"2025-05-27T09:03:55","date_gmt":"2025-05-27T09:03:55","guid":{"rendered":"https:\/\/atp-packaging.com\/nouvelle-edition-des-journees-portes-ouvertes-axee-sur-les-solutions-demballage-pour-lindustrie-alimentaire"},"modified":"2025-07-08T12:59:47","modified_gmt":"2025-07-08T12:59:47","slug":"nouvelle-edition-des-journees-portes-ouvertes-axee-sur-les-solutions-demballage-pour-lindustrie-alimentaire","status":"publish","type":"post","link":"https:\/\/atp-packaging.com\/fr\/nouvelle-edition-des-journees-portes-ouvertes-axee-sur-les-solutions-demballage-pour-lindustrie-alimentaire","title":{"rendered":"Nouvelle \u00e9dition des journ\u00e9es portes ouvertes, ax\u00e9e sur les solutions d&#8217;emballage pour l&rsquo;industrie alimentaire"},"content":{"rendered":"\t\t<div data-elementor-type=\"wp-post\" data-elementor-id=\"10392\" class=\"elementor elementor-10392 elementor-10376\" data-elementor-post-type=\"post\">\n\t\t\t\t\t\t\t\t\t<section class=\"elementor-section elementor-top-section elementor-element elementor-element-253975c5 elementor-section-boxed elementor-section-height-default elementor-section-height-default\" data-id=\"253975c5\" data-element_type=\"section\" data-settings=\"{&quot;jet_parallax_layout_list&quot;:[]}\">\n\t\t\t\t\t\t<div class=\"elementor-container elementor-column-gap-default\">\n\t\t\t\t\t<div class=\"elementor-column elementor-col-100 elementor-top-column elementor-element elementor-element-4f3833c3\" data-id=\"4f3833c3\" data-element_type=\"column\">\n\t\t\t<div class=\"elementor-widget-wrap elementor-element-populated\">\n\t\t\t\t\t\t\t\t<div class=\"elementor-element elementor-element-3439bd9 elementor-widget elementor-widget-text-editor\" data-id=\"3439bd9\" data-element_type=\"widget\" data-widget_type=\"text-editor.default\">\n\t\t\t\t<div class=\"elementor-widget-container\">\n\t\t\t<style>\/*! elementor - v3.14.0 - 26-06-2023 *\/\n.elementor-widget-text-editor.elementor-drop-cap-view-stacked .elementor-drop-cap{background-color:#69727d;color:#fff}.elementor-widget-text-editor.elementor-drop-cap-view-framed .elementor-drop-cap{color:#69727d;border:3px solid;background-color:transparent}.elementor-widget-text-editor:not(.elementor-drop-cap-view-default) .elementor-drop-cap{margin-top:8px}.elementor-widget-text-editor:not(.elementor-drop-cap-view-default) .elementor-drop-cap-letter{width:1em;height:1em}.elementor-widget-text-editor .elementor-drop-cap{float:left;text-align:center;line-height:1;font-size:50px}.elementor-widget-text-editor .elementor-drop-cap-letter{display:inline-block}<\/style>\t\t\t\t<p><\/p>\n<figure class=\"wp-block-image size-full\"><img loading=\"lazy\" decoding=\"async\" class=\"wp-image-10413 size-full\" src=\"https:\/\/atp-packaging.com\/wp-content\/uploads\/2025\/05\/open-house-atp-02.webp\" alt=\"Panorama banner with Italian pizzas in boxes ready for delivery with one box open to reveal the illuminated pizza inside\" width=\"950\" height=\"374\" srcset=\"https:\/\/atp-packaging.com\/wp-content\/uploads\/2025\/05\/open-house-atp-02.webp 950w, https:\/\/atp-packaging.com\/wp-content\/uploads\/2025\/05\/open-house-atp-02-300x118.webp 300w, https:\/\/atp-packaging.com\/wp-content\/uploads\/2025\/05\/open-house-atp-02-768x302.webp 768w\" sizes=\"auto, (max-width: 950px) 100vw, 950px\" \/>&nbsp;<\/figure>\n<p><\/p>\n<p>Suite au succ\u00e8s des \u00e9ditions pr\u00e9c\u00e9dentes, chez ATP Packaging, nous organisons une nouvelle session de nos journ\u00e9es portes ouvertes, qui se tiendront du 16 au 27 juin. Cet \u00e9v\u00e9nement est devenu un rendez-vous de r\u00e9f\u00e9rence pour ceux qui travaillent dans le secteur alimentaire, offrant un espace pour d\u00e9couvrir en direct les derni\u00e8res innovations technologiques appliqu\u00e9es \u00e0 l&#8217;emballage des produits alimentaires.<\/p>\n<p><\/p>\n<p>Lors de ces journ\u00e9es, les participants pourront voir en fonctionnement plusieurs lignes automatis\u00e9es \u00e9quip\u00e9es de robotique, de vision artificielle et de syst\u00e8mes \u00e0 haute efficacit\u00e9, con\u00e7ues pour am\u00e9liorer les processus de production et r\u00e9pondre aux d\u00e9fis actuels du secteur.<\/p>\n<p><\/p>\n<h2 class=\"wp-block-heading\">Solutions en fonctionnement<\/h2>\n<p><\/p>\n<p>Lors de cette \u00e9dition, nous pr\u00e9senterons trois applications r\u00e9elles avec un haut niveau d&rsquo;automatisation :<\/p>\n<p><\/p>\n<ul class=\"wp-block-list\"><p><\/p>\n<li><strong>Ligne d\u2019encaissage pour pizzas surgel\u00e9es :<\/strong> \u00c9quip\u00e9e de robots haute vitesse et de vision artificielle, cette solution permet de d\u00e9tecter, s\u00e9lectionner et placer les pizzas dans leurs bo\u00eetes avec pr\u00e9cision, m\u00eame dans des conditions variables.<\/li>\n<p><\/p>\n<li><strong>Ligne de picking pour doypacks avec valve sup\u00e9rieure : <\/strong>Con\u00e7ue pour manipuler des emballages flexibles de mani\u00e8re efficace et ordonn\u00e9e, utilisant une robotique avanc\u00e9e capable d&rsquo;orienter les emballages avant leur conditionnement final.<\/li>\n<p><\/p>\n<li><strong>Formeuse automatique de plateaux :<\/strong> Une machine qui transforme des plaques de carton en emballages rigides par application de colle chaude, offrant une alternative fiable et durable pour la formation de plateaux.<\/li>\n<p><\/p><\/ul>\n<p><\/p>\n<figure class=\"wp-block-image aligncenter size-full\"><img loading=\"lazy\" decoding=\"async\" width=\"720\" height=\"212\" class=\"wp-image-10382\" src=\"https:\/\/atp-packaging.com\/wp-content\/uploads\/2025\/05\/atp-open-house.png\" alt=\"\" srcset=\"https:\/\/atp-packaging.com\/wp-content\/uploads\/2025\/05\/atp-open-house.png 720w, https:\/\/atp-packaging.com\/wp-content\/uploads\/2025\/05\/atp-open-house-300x88.png 300w\" sizes=\"auto, (max-width: 720px) 100vw, 720px\" \/><\/figure>\n<p><\/p>\n<h2 class=\"wp-block-heading\">Un \u00e9v\u00e9nement pour les professionnels du secteur<\/h2>\n<p><\/p>\n<p>Ces journ\u00e9es sont sp\u00e9cialement destin\u00e9es \u00e0 ceux qui fabriquent, dirigent des processus de production ou occupent des fonctions techniques dans le secteur alimentaire, et qui recherchent des solutions innovantes, \u00e9volutives et adapt\u00e9es \u00e0 leurs besoins sp\u00e9cifiques.<\/p>\n<p><\/p>\n<p>En plus de voir les lignes en marche, les participants pourront parler directement avec notre \u00e9quipe d&rsquo;experts, r\u00e9soudre des doutes techniques et explorer de nouvelles formes de collaboration.<\/p>\n<p><\/p>\t\t\t\t\t\t<\/div>\n\t\t\t\t<\/div>\n\t\t\t\t\t<\/div>\n\t\t<\/div>\n\t\t\t\t\t\t\t<\/div>\n\t\t<\/section>\n\t\t\t\t\t\t\t<\/div>\n\t\t","protected":false},"excerpt":{"rendered":"<p>&nbsp; Suite au succ\u00e8s des \u00e9ditions pr\u00e9c\u00e9dentes, chez ATP Packaging, nous organisons une nouvelle session de nos journ\u00e9es portes ouvertes, qui se tiendront du 16 au 27 juin. Cet \u00e9v\u00e9nement est devenu un rendez-vous de r\u00e9f\u00e9rence pour ceux qui travaillent dans le secteur alimentaire, offrant un espace pour d\u00e9couvrir en direct les derni\u00e8res innovations technologiques [&hellip;]<\/p>\n","protected":false},"author":4,"featured_media":10413,"comment_status":"closed","ping_status":"open","sticky":false,"template":"","format":"standard","meta":{"footnotes":""},"categories":[54],"tags":[],"class_list":["post-10392","post","type-post","status-publish","format-standard","has-post-thumbnail","hentry","category-nouvelles-et-tendances"],"yoast_head":"<!-- This site is optimized with the Yoast SEO plugin v20.10 - https:\/\/yoast.com\/wordpress\/plugins\/seo\/ -->\n<title>Nouvelle \u00e9dition des journ\u00e9es portes ouvertes, ax\u00e9e sur les solutions d&#039;emballage pour l&#039;industrie alimentaire - ATP<\/title>\n<meta name=\"robots\" content=\"index, follow, max-snippet:-1, max-image-preview:large, max-video-preview:-1\" \/>\n<link rel=\"canonical\" href=\"https:\/\/atp-packaging.com\/fr\/nouvelle-edition-des-journees-portes-ouvertes-axee-sur-les-solutions-demballage-pour-lindustrie-alimentaire\" \/>\n<meta property=\"og:locale\" content=\"fr_FR\" \/>\n<meta property=\"og:type\" content=\"article\" \/>\n<meta property=\"og:title\" content=\"Nouvelle \u00e9dition des journ\u00e9es portes ouvertes, ax\u00e9e sur les solutions d&#039;emballage pour l&#039;industrie alimentaire - ATP\" \/>\n<meta property=\"og:description\" content=\"&nbsp; Suite au succ\u00e8s des \u00e9ditions pr\u00e9c\u00e9dentes, chez ATP Packaging, nous organisons une nouvelle session de nos journ\u00e9es portes ouvertes, qui se tiendront du 16 au 27 juin. Cet \u00e9v\u00e9nement est devenu un rendez-vous de r\u00e9f\u00e9rence pour ceux qui travaillent dans le secteur alimentaire, offrant un espace pour d\u00e9couvrir en direct les derni\u00e8res innovations technologiques [&hellip;]\" \/>\n<meta property=\"og:url\" content=\"https:\/\/atp-packaging.com\/fr\/nouvelle-edition-des-journees-portes-ouvertes-axee-sur-les-solutions-demballage-pour-lindustrie-alimentaire\" \/>\n<meta property=\"og:site_name\" content=\"ATP\" \/>\n<meta property=\"article:published_time\" content=\"2025-05-27T09:03:55+00:00\" \/>\n<meta property=\"article:modified_time\" content=\"2025-07-08T12:59:47+00:00\" \/>\n<meta property=\"og:image\" content=\"https:\/\/atp-packaging.com\/wp-content\/uploads\/2025\/05\/open-house-atp-02.webp\" \/>\n\t<meta property=\"og:image:width\" content=\"950\" \/>\n\t<meta property=\"og:image:height\" content=\"374\" \/>\n\t<meta property=\"og:image:type\" content=\"image\/webp\" \/>\n<meta name=\"author\" content=\"ATP Packaging\" \/>\n<meta name=\"twitter:card\" content=\"summary_large_image\" \/>\n<meta name=\"twitter:label1\" content=\"\u00c9crit par\" \/>\n\t<meta name=\"twitter:data1\" content=\"ATP Packaging\" \/>\n\t<meta name=\"twitter:label2\" content=\"Dur\u00e9e de lecture estim\u00e9e\" \/>\n\t<meta name=\"twitter:data2\" content=\"2 minutes\" \/>\n<script type=\"application\/ld+json\" class=\"yoast-schema-graph\">{\"@context\":\"https:\/\/schema.org\",\"@graph\":[{\"@type\":\"Article\",\"@id\":\"https:\/\/atp-packaging.com\/fr\/nouvelle-edition-des-journees-portes-ouvertes-axee-sur-les-solutions-demballage-pour-lindustrie-alimentaire#article\",\"isPartOf\":{\"@id\":\"https:\/\/atp-packaging.com\/fr\/nouvelle-edition-des-journees-portes-ouvertes-axee-sur-les-solutions-demballage-pour-lindustrie-alimentaire\"},\"author\":{\"name\":\"ATP Packaging\",\"@id\":\"https:\/\/atp-packaging.com\/en\/#\/schema\/person\/ed56853aa100a44a6c021f8ad1c262cd\"},\"headline\":\"Nouvelle \u00e9dition des journ\u00e9es portes ouvertes, ax\u00e9e sur les solutions d&#8217;emballage pour l&rsquo;industrie alimentaire\",\"datePublished\":\"2025-05-27T09:03:55+00:00\",\"dateModified\":\"2025-07-08T12:59:47+00:00\",\"mainEntityOfPage\":{\"@id\":\"https:\/\/atp-packaging.com\/fr\/nouvelle-edition-des-journees-portes-ouvertes-axee-sur-les-solutions-demballage-pour-lindustrie-alimentaire\"},\"wordCount\":340,\"publisher\":{\"@id\":\"https:\/\/atp-packaging.com\/en\/#organization\"},\"articleSection\":[\"Nouvelles et tendances\"],\"inLanguage\":\"fr-FR\"},{\"@type\":\"WebPage\",\"@id\":\"https:\/\/atp-packaging.com\/fr\/nouvelle-edition-des-journees-portes-ouvertes-axee-sur-les-solutions-demballage-pour-lindustrie-alimentaire\",\"url\":\"https:\/\/atp-packaging.com\/fr\/nouvelle-edition-des-journees-portes-ouvertes-axee-sur-les-solutions-demballage-pour-lindustrie-alimentaire\",\"name\":\"Nouvelle \u00e9dition des journ\u00e9es portes ouvertes, ax\u00e9e sur les solutions d'emballage pour l'industrie alimentaire - ATP\",\"isPartOf\":{\"@id\":\"https:\/\/atp-packaging.com\/en\/#website\"},\"datePublished\":\"2025-05-27T09:03:55+00:00\",\"dateModified\":\"2025-07-08T12:59:47+00:00\",\"breadcrumb\":{\"@id\":\"https:\/\/atp-packaging.com\/fr\/nouvelle-edition-des-journees-portes-ouvertes-axee-sur-les-solutions-demballage-pour-lindustrie-alimentaire#breadcrumb\"},\"inLanguage\":\"fr-FR\",\"potentialAction\":[{\"@type\":\"ReadAction\",\"target\":[\"https:\/\/atp-packaging.com\/fr\/nouvelle-edition-des-journees-portes-ouvertes-axee-sur-les-solutions-demballage-pour-lindustrie-alimentaire\"]}]},{\"@type\":\"BreadcrumbList\",\"@id\":\"https:\/\/atp-packaging.com\/fr\/nouvelle-edition-des-journees-portes-ouvertes-axee-sur-les-solutions-demballage-pour-lindustrie-alimentaire#breadcrumb\",\"itemListElement\":[{\"@type\":\"ListItem\",\"position\":1,\"name\":\"Portada\",\"item\":\"https:\/\/atp-packaging.com\/\"},{\"@type\":\"ListItem\",\"position\":2,\"name\":\"Nouvelle \u00e9dition des journ\u00e9es portes ouvertes, ax\u00e9e sur les solutions d&#8217;emballage pour l&#8217;industrie alimentaire\"}]},{\"@type\":\"WebSite\",\"@id\":\"https:\/\/atp-packaging.com\/en\/#website\",\"url\":\"https:\/\/atp-packaging.com\/en\/\",\"name\":\"ATP\",\"description\":\"ENGINEERING &amp; PACKAGING\",\"publisher\":{\"@id\":\"https:\/\/atp-packaging.com\/en\/#organization\"},\"potentialAction\":[{\"@type\":\"SearchAction\",\"target\":{\"@type\":\"EntryPoint\",\"urlTemplate\":\"https:\/\/atp-packaging.com\/en\/?s={search_term_string}\"},\"query-input\":\"required name=search_term_string\"}],\"inLanguage\":\"fr-FR\"},{\"@type\":\"Organization\",\"@id\":\"https:\/\/atp-packaging.com\/en\/#organization\",\"name\":\"ATP\",\"url\":\"https:\/\/atp-packaging.com\/en\/\",\"logo\":{\"@type\":\"ImageObject\",\"inLanguage\":\"fr-FR\",\"@id\":\"https:\/\/atp-packaging.com\/en\/#\/schema\/logo\/image\/\",\"url\":\"https:\/\/atp-packaging.com\/wp-content\/uploads\/2022\/09\/logo.svg\",\"contentUrl\":\"https:\/\/atp-packaging.com\/wp-content\/uploads\/2022\/09\/logo.svg\",\"caption\":\"ATP\"},\"image\":{\"@id\":\"https:\/\/atp-packaging.com\/en\/#\/schema\/logo\/image\/\"}},{\"@type\":\"Person\",\"@id\":\"https:\/\/atp-packaging.com\/en\/#\/schema\/person\/ed56853aa100a44a6c021f8ad1c262cd\",\"name\":\"ATP Packaging\",\"image\":{\"@type\":\"ImageObject\",\"inLanguage\":\"fr-FR\",\"@id\":\"https:\/\/atp-packaging.com\/en\/#\/schema\/person\/image\/\",\"url\":\"https:\/\/secure.gravatar.com\/avatar\/13bf9db52b469f9f9804926f5994b06e67b4758144c60de5d1c576c0dc3076d9?s=96&d=mm&r=g\",\"contentUrl\":\"https:\/\/secure.gravatar.com\/avatar\/13bf9db52b469f9f9804926f5994b06e67b4758144c60de5d1c576c0dc3076d9?s=96&d=mm&r=g\",\"caption\":\"ATP Packaging\"},\"url\":\"https:\/\/atp-packaging.com\/fr\/author\/marketinglimbic-cat\"}]}<\/script>\n<!-- \/ Yoast SEO plugin. -->","yoast_head_json":{"title":"Nouvelle \u00e9dition des journ\u00e9es portes ouvertes, ax\u00e9e sur les solutions d'emballage pour l'industrie alimentaire - ATP","robots":{"index":"index","follow":"follow","max-snippet":"max-snippet:-1","max-image-preview":"max-image-preview:large","max-video-preview":"max-video-preview:-1"},"canonical":"https:\/\/atp-packaging.com\/fr\/nouvelle-edition-des-journees-portes-ouvertes-axee-sur-les-solutions-demballage-pour-lindustrie-alimentaire","og_locale":"fr_FR","og_type":"article","og_title":"Nouvelle \u00e9dition des journ\u00e9es portes ouvertes, ax\u00e9e sur les solutions d'emballage pour l'industrie alimentaire - ATP","og_description":"&nbsp; Suite au succ\u00e8s des \u00e9ditions pr\u00e9c\u00e9dentes, chez ATP Packaging, nous organisons une nouvelle session de nos journ\u00e9es portes ouvertes, qui se tiendront du 16 au 27 juin. Cet \u00e9v\u00e9nement est devenu un rendez-vous de r\u00e9f\u00e9rence pour ceux qui travaillent dans le secteur alimentaire, offrant un espace pour d\u00e9couvrir en direct les derni\u00e8res innovations technologiques [&hellip;]","og_url":"https:\/\/atp-packaging.com\/fr\/nouvelle-edition-des-journees-portes-ouvertes-axee-sur-les-solutions-demballage-pour-lindustrie-alimentaire","og_site_name":"ATP","article_published_time":"2025-05-27T09:03:55+00:00","article_modified_time":"2025-07-08T12:59:47+00:00","og_image":[{"width":950,"height":374,"url":"https:\/\/atp-packaging.com\/wp-content\/uploads\/2025\/05\/open-house-atp-02.webp","type":"image\/webp"}],"author":"ATP Packaging","twitter_card":"summary_large_image","twitter_misc":{"\u00c9crit par":"ATP Packaging","Dur\u00e9e de lecture estim\u00e9e":"2 minutes"},"schema":{"@context":"https:\/\/schema.org","@graph":[{"@type":"Article","@id":"https:\/\/atp-packaging.com\/fr\/nouvelle-edition-des-journees-portes-ouvertes-axee-sur-les-solutions-demballage-pour-lindustrie-alimentaire#article","isPartOf":{"@id":"https:\/\/atp-packaging.com\/fr\/nouvelle-edition-des-journees-portes-ouvertes-axee-sur-les-solutions-demballage-pour-lindustrie-alimentaire"},"author":{"name":"ATP Packaging","@id":"https:\/\/atp-packaging.com\/en\/#\/schema\/person\/ed56853aa100a44a6c021f8ad1c262cd"},"headline":"Nouvelle \u00e9dition des journ\u00e9es portes ouvertes, ax\u00e9e sur les solutions d&#8217;emballage pour l&rsquo;industrie alimentaire","datePublished":"2025-05-27T09:03:55+00:00","dateModified":"2025-07-08T12:59:47+00:00","mainEntityOfPage":{"@id":"https:\/\/atp-packaging.com\/fr\/nouvelle-edition-des-journees-portes-ouvertes-axee-sur-les-solutions-demballage-pour-lindustrie-alimentaire"},"wordCount":340,"publisher":{"@id":"https:\/\/atp-packaging.com\/en\/#organization"},"articleSection":["Nouvelles et tendances"],"inLanguage":"fr-FR"},{"@type":"WebPage","@id":"https:\/\/atp-packaging.com\/fr\/nouvelle-edition-des-journees-portes-ouvertes-axee-sur-les-solutions-demballage-pour-lindustrie-alimentaire","url":"https:\/\/atp-packaging.com\/fr\/nouvelle-edition-des-journees-portes-ouvertes-axee-sur-les-solutions-demballage-pour-lindustrie-alimentaire","name":"Nouvelle \u00e9dition des journ\u00e9es portes ouvertes, ax\u00e9e sur les solutions d'emballage pour l'industrie alimentaire - ATP","isPartOf":{"@id":"https:\/\/atp-packaging.com\/en\/#website"},"datePublished":"2025-05-27T09:03:55+00:00","dateModified":"2025-07-08T12:59:47+00:00","breadcrumb":{"@id":"https:\/\/atp-packaging.com\/fr\/nouvelle-edition-des-journees-portes-ouvertes-axee-sur-les-solutions-demballage-pour-lindustrie-alimentaire#breadcrumb"},"inLanguage":"fr-FR","potentialAction":[{"@type":"ReadAction","target":["https:\/\/atp-packaging.com\/fr\/nouvelle-edition-des-journees-portes-ouvertes-axee-sur-les-solutions-demballage-pour-lindustrie-alimentaire"]}]},{"@type":"BreadcrumbList","@id":"https:\/\/atp-packaging.com\/fr\/nouvelle-edition-des-journees-portes-ouvertes-axee-sur-les-solutions-demballage-pour-lindustrie-alimentaire#breadcrumb","itemListElement":[{"@type":"ListItem","position":1,"name":"Portada","item":"https:\/\/atp-packaging.com\/"},{"@type":"ListItem","position":2,"name":"Nouvelle \u00e9dition des journ\u00e9es portes ouvertes, ax\u00e9e sur les solutions d&#8217;emballage pour l&#8217;industrie alimentaire"}]},{"@type":"WebSite","@id":"https:\/\/atp-packaging.com\/en\/#website","url":"https:\/\/atp-packaging.com\/en\/","name":"ATP","description":"ENGINEERING &amp; PACKAGING","publisher":{"@id":"https:\/\/atp-packaging.com\/en\/#organization"},"potentialAction":[{"@type":"SearchAction","target":{"@type":"EntryPoint","urlTemplate":"https:\/\/atp-packaging.com\/en\/?s={search_term_string}"},"query-input":"required name=search_term_string"}],"inLanguage":"fr-FR"},{"@type":"Organization","@id":"https:\/\/atp-packaging.com\/en\/#organization","name":"ATP","url":"https:\/\/atp-packaging.com\/en\/","logo":{"@type":"ImageObject","inLanguage":"fr-FR","@id":"https:\/\/atp-packaging.com\/en\/#\/schema\/logo\/image\/","url":"https:\/\/atp-packaging.com\/wp-content\/uploads\/2022\/09\/logo.svg","contentUrl":"https:\/\/atp-packaging.com\/wp-content\/uploads\/2022\/09\/logo.svg","caption":"ATP"},"image":{"@id":"https:\/\/atp-packaging.com\/en\/#\/schema\/logo\/image\/"}},{"@type":"Person","@id":"https:\/\/atp-packaging.com\/en\/#\/schema\/person\/ed56853aa100a44a6c021f8ad1c262cd","name":"ATP Packaging","image":{"@type":"ImageObject","inLanguage":"fr-FR","@id":"https:\/\/atp-packaging.com\/en\/#\/schema\/person\/image\/","url":"https:\/\/secure.gravatar.com\/avatar\/13bf9db52b469f9f9804926f5994b06e67b4758144c60de5d1c576c0dc3076d9?s=96&d=mm&r=g","contentUrl":"https:\/\/secure.gravatar.com\/avatar\/13bf9db52b469f9f9804926f5994b06e67b4758144c60de5d1c576c0dc3076d9?s=96&d=mm&r=g","caption":"ATP Packaging"},"url":"https:\/\/atp-packaging.com\/fr\/author\/marketinglimbic-cat"}]}},"_links":{"self":[{"href":"https:\/\/atp-packaging.com\/fr\/wp-json\/wp\/v2\/posts\/10392","targetHints":{"allow":["GET"]}}],"collection":[{"href":"https:\/\/atp-packaging.com\/fr\/wp-json\/wp\/v2\/posts"}],"about":[{"href":"https:\/\/atp-packaging.com\/fr\/wp-json\/wp\/v2\/types\/post"}],"author":[{"embeddable":true,"href":"https:\/\/atp-packaging.com\/fr\/wp-json\/wp\/v2\/users\/4"}],"replies":[{"embeddable":true,"href":"https:\/\/atp-packaging.com\/fr\/wp-json\/wp\/v2\/comments?post=10392"}],"version-history":[{"count":6,"href":"https:\/\/atp-packaging.com\/fr\/wp-json\/wp\/v2\/posts\/10392\/revisions"}],"predecessor-version":[{"id":10423,"href":"https:\/\/atp-packaging.com\/fr\/wp-json\/wp\/v2\/posts\/10392\/revisions\/10423"}],"wp:featuredmedia":[{"embeddable":true,"href":"https:\/\/atp-packaging.com\/fr\/wp-json\/wp\/v2\/media\/10413"}],"wp:attachment":[{"href":"https:\/\/atp-packaging.com\/fr\/wp-json\/wp\/v2\/media?parent=10392"}],"wp:term":[{"taxonomy":"category","embeddable":true,"href":"https:\/\/atp-packaging.com\/fr\/wp-json\/wp\/v2\/categories?post=10392"},{"taxonomy":"post_tag","embeddable":true,"href":"https:\/\/atp-packaging.com\/fr\/wp-json\/wp\/v2\/tags?post=10392"}],"curies":[{"name":"wp","href":"https:\/\/api.w.org\/{rel}","templated":true}]}}